{"id":118,"date":"2013-11-17T19:03:28","date_gmt":"2013-11-17T19:03:28","guid":{"rendered":"http:\/\/www.sanjuanysanpablo.com\/lenguayliteratura\/?p=118"},"modified":"2014-06-23T09:17:14","modified_gmt":"2014-06-23T09:17:14","slug":"nuestro-corazon-esta-con-vosotros-filipinas","status":"publish","type":"post","link":"https:\/\/www.sanjuanysanpablo.com\/lenguayliteratura\/2013\/11\/17\/nuestro-corazon-esta-con-vosotros-filipinas\/","title":{"rendered":"Nuestro coraz\u00f3n est\u00e1 con vosotros, \u00a1\u00c1NIMO FILIPINAS!"},"content":{"rendered":"<p>Es dif\u00edcil encontrar calor en las palabras cuando el dolor se ha apoderado del coraz\u00f3n, cuando la raz\u00f3n no se explica el porqu\u00e9 de tanto sufrimiento, cuando se ha perdido todo cuanto importaba en la vida; pero aunque cueste creerlo siempre hay una raz\u00f3n para seguir adelante, para luchar y no rendirse.<\/p>\n<p>El sol brillar\u00e1 de nuevo en Filipinas, y vosotros, sus valientes habitantes, encontrar\u00e9is la energ\u00eda y la fuerza en el recuerdo indeleble de las personas a las que tanto quisisteis. Ellas os ayudan y os protegen desde el cielo.<\/p>\n<p>Nuestro coraz\u00f3n est\u00e1 con vosotros, y en lo m\u00e1s profundo de nuestro interior deseamos que estos mensajes, que con tanto amor hemos escrito, os den aliento para empezar a construir los cimientos de una nueva vida, en la que seguro podr\u00e9is volver a sonre\u00edr.<\/p>\n<p style=\"text-align: center\">En memoria de todas las v\u00edctimas\u2026<\/p>\n<p style=\"text-align: center\"><a href=\"http:\/\/www.sanjuanysanpablo.com\/lenguayliteratura\/wp-content\/uploads\/sites\/3\/2013\/11\/30.jpg\" data-rel=\"lightbox-image-0\" data-rl_title=\"\" data-rl_caption=\"\" title=\"\"><img loading=\"lazy\" decoding=\"async\" alt=\"30\" src=\"http:\/\/www.sanjuanysanpablo.com\/lenguayliteratura\/wp-content\/uploads\/sites\/3\/2013\/11\/30-300x161.jpg\" width=\"300\" height=\"161\" \/><\/a><\/p>\n<p><em>\u00abNo hay palabras para explicar el dolor que sent\u00eds, no hay palabras para expresar el vac\u00edo y la impotencia. Almas infantiles que vag\u00e1is sin rumbo, ser fuertes, no est\u00e1is solos, quiz\u00e1 sint\u00e1is que no sois de nadie, pero ahora nosotros os tenderemos la mano. No perd\u00e1is la esperanza y luchar por ser felices\u00bb.<\/em><\/p>\n<p style=\"text-align: right\"><strong>Mar\u00eda Castillo Berlanga, 2\u00baESO A<\/strong><\/p>\n<p><em>\u00abMe intento poner muchas veces en vuestra piel, y dar\u00eda lo que fuese para que os recuper\u00e9is pronto. Deciros que de esta cat\u00e1strofe saldr\u00e9is, ser\u00e1 una de las pruebas mas dif\u00edciles de vuestra vida, pero con ayuda de todos lo conseguir\u00e9is\u00bb.<\/em><\/p>\n<p style=\"text-align: right\"><strong>Ra\u00fal Requena de la Bella, 2\u00baESO A<\/strong><\/p>\n<p><em>\u00abDesde Espa\u00f1a os apoyamos y hemos mandado atenci\u00f3n m\u00e9dica. Estaremos pendientes de todo lo que ocurra. \u00a1\u00c1nimo y que el Se\u00f1or os acompa\u00f1e en esta etapa de vuestra vida tan complicada!\u00bb<\/em><\/p>\n<p style=\"text-align: right\"><strong>Mila Mart\u00ednez Ferrero, 1\u00baESO B<\/strong><\/p>\n<p><em>\u00abHola soy Lidia y os deseo suerte a todos los afectados por el tif\u00f3n, ya que ha sido una gran tragedia para las familias que se han separado, padres que han perdido a sus hijos&#8230; Seguramente habr\u00e1 personas que est\u00e9n buscando a alguien y se rendir\u00e1n, pero yo si estuviera en su lugar seguir\u00eda buscando hasta encontrarlos, que seguro que as\u00ed ser\u00e1 y podr\u00e1n seguir siendo felices en un futuro. Espero que este sufrimiento pase muy r\u00e1pido y que recuper\u00e9is vuestra vida cuando antes. \u00a1Mucha suerte!\u00bb<\/em><\/p>\n<p style=\"text-align: right\"><strong>Lidia Ibarra Rold\u00e1n, 1\u00baESO A<\/strong><\/p>\n<p><em>\u00abAhora es cuando ten\u00e9is que ayudaros entre todos. Es normal que lo est\u00e9is pasando mal, pero si luch\u00e1is juntos podr\u00e9is salir adelante y ser felices, porque os lo merec\u00e9is. Os deseo lo mejor\u00bb.<\/em><\/p>\n<p style=\"text-align: right\"><strong>Thais Mir\u00f3n Fern\u00e1ndez, 2\u00baESO A<\/strong><\/p>\n<p><em>\u00abDesde Espa\u00f1a, doy apoyo a los que han perdido familiares, amigos, vecinos, hermanos, padres&#8230;Hay que mirar hacia delante, tratar poco a poco de rehacer la vida, y recuperar de nuevo la ilusi\u00f3n\u00bb.<\/em><\/p>\n<p style=\"text-align: right\"><strong>Luc\u00eda Vicedo M\u00e1rquez, 1\u00baESO B<\/strong><\/p>\n<p><em>\u00abLo que os ha pasado a vosotros nos puede pasar a todos, por eso os deseo mucha suerte y que os recuper\u00e9is muy pronto\u00bb.<\/em><\/p>\n<p style=\"text-align: right\"><strong>Roberto Bernabeu Sanju\u00e1n, 2\u00baESO A<\/strong><\/p>\n<p><em>\u00abDedico este mensaje a todos esos ni\u00f1os que se han quedado sin familia, sin hogar&#8230;&#8230;S\u00f3lo quiero decirles que intenten no derrumbarse, que sean fuertes. Yo desde lejos les env\u00edo todo mi apoyo, \u00a1y ojal\u00e1 todo pase pronto!\u00bb.<\/em><\/p>\n<p style=\"text-align: right\"><strong>Katherine Tana\u00ed Tana\u00ed, 2\u00baESO A<\/strong><\/p>\n<p><em>\u00abEl pasado 8 de noviembre un tif\u00f3n llamado Yolanda arras\u00f3 Filipinas destruyendo a su paso pueblos enteros y dejando a muchas personas sin absolutamente nada. Desde aqu\u00ed le mandamos fuerzas y apoyo para que sigan luchando y que no se rindan nunca, porque como dice el dicho si todos ponemos nuestro granito de arena al final haremos la playa entera\u00bb.<\/em><\/p>\n<p style=\"text-align: right\"><strong>Elena Verd\u00fa Cerd\u00e1, 1\u00baESO A<\/strong><\/p>\n<p><em>\u00abS\u00f3lo desearos que la tristeza que ahora sent\u00eds se os vaya poco a poco y que vuestro pa\u00eds vuelva a ser como antes\u00bb.<\/em><\/p>\n<p style=\"text-align: right\"><strong>Paula Ruiz Masegosa, 2\u00baESO A<\/strong><\/p>\n<p><em>\u00abS\u00e9 que por muchas cosas que digamos el dolor y el sufrimiento que est\u00e1is pasando en estos momentos no se puede curar con palabras. No obstante, desde aqu\u00ed os animamos para que no os rind\u00e1is y para que luch\u00e9is por volver a salir adelante, porque realmente ser\u00e1 el tiempo el que se encargar\u00e1 de dejar esta tragedia en un mal recuerdo del pasado\u00bb.<\/em><\/p>\n<p style=\"text-align: right\"><strong>Natalia Peydr\u00f3 Medina, 1\u00baESO B<\/strong><\/p>\n<p><em>\u00abS\u00e9 que mi mensaje de apoyo no har\u00e1 que los habitantes de Filipinas ni el pa\u00eds se recuperen al instante, pero tal vez s\u00ed que les anime un poco y les ayude a recobrar la esperanza. Espero que con la ayuda de otros pa\u00edses y del nuestro, Filipinas se pueda reconstruir pronto y la gente pueda salir adelante.\u00a0\u00a1 \u00c1nimo Filipinas!\u00bb\u00a0<\/em><\/p>\n<p style=\"text-align: right\"><strong>Carla Juan Beneyto, 2\u00baESO B<\/strong><\/p>\n<p><em>\u00abSiento mucho lo que os ha pasado, pero intentad no desesperaros. S\u00e9 que es f\u00e1cil decirlo porque yo no lo estoy viviendo, pero entiendo vuestro dolor. Me gustar\u00eda ayudaros y si con estas l\u00edneas puedo hacerlo, pues me sentir\u00e9 muy contenta\u00bb.<\/em><\/p>\n<p style=\"text-align: right\"><strong>Angie Ponce Ibarra, 2\u00baESO A<\/strong><\/p>\n<p><em>\u00abHola me llamo \u00c1ngela. Siento mucho lo ocurrido e intentar\u00e9 ayudar de alguna forma. Desde aqu\u00ed, desde Espa\u00f1a, os mando mucho amor y muchas esperanzas para que pod\u00e1is reconstruir lo destruido por el tif\u00f3n Yolanda, para que encontr\u00e9is a vuestros seres queridos y est\u00e9is m\u00e1s unidos que nunca. Mucha suerte y \u00e1nimo\u00bb.<\/em><\/p>\n<p style=\"text-align: right\"><strong>\u00c1ngela M\u00ednguez Bernab\u00e9u, 1\u00baESO A\u00a0<\/strong><\/p>\n<p><em>\u00abEste homenaje es para las personas que est\u00e1n sufriendo tanto estos d\u00edas en Filipinas,\u00a0desde que ocurri\u00f3 el tif\u00f3n, para esas personas que se quedaron sin casa, sin familia, sin nada, y que ahora mismo lo estar\u00e1n pasando tan mal. Yo les doy mi apoyo para que sigan adelante\u00bb.<\/em><\/p>\n<p style=\"text-align: right\"><strong>Adriel S\u00e1nchez Quiles, 1\u00baESO B<\/strong><\/p>\n<p><em>\u00abLa naturaleza puede ser muy cruel con nosotros, pero nunca hay que perder la esperanza de vivir, porque desde aqu\u00ed todos os apoyamos. Nunca os deis por vencidos y seguir luchando por vuestros sue\u00f1os.\u00a0<\/em><em>\u00a1\u00c1nimo Filipinas!\u00bb<\/em><\/p>\n<p style=\"text-align: right\"><strong>Ana Carbonell Prieto, 2\u00baESO B<\/strong><\/p>\n<p><em>\u00abLos tifones pueden destruir hogares, hospitales, vidas y varias cosas m\u00e1s, pero nunca destruir\u00e1n la fe y la esperanza.\u00a0<\/em><\/p>\n<p><em><\/em><em>\u00a1\u00c1nimo Filipinas!\u00bb<\/em><\/p>\n<p style=\"text-align: right\"><strong>Toni Vicedo Pina, 2\u00baESO B<\/strong><\/p>\n<p><em>\u00abEste mensaje va dirigido a los pobres ni\u00f1os de Filipinas que se han quedado sin casa, sin dinero y sin alimentos\u2026Ten\u00e9is que ser fuertes y pensar que todo se va a solucionar, porque en el mundo hay mucha gente que quiere ayudaros, mandando productos de primera necesidad. Muchos de vosotros habr\u00e9is perdido a familiares y amigos, muchos otros estar\u00e9is refugiados con vuestras familias en alguna parte, pero deb\u00e9is hacer un gran esfuerzo por continuar adelante, aunque lo ve\u00e1is dif\u00edcil. Vuestros padres har\u00e1n lo que puedan porque os quieren y os querr\u00e1n siempre. Desde el cielo o la tierra siempre estar\u00e1n en vuestro coraz\u00f3n.<\/em><\/p>\n<p><em>\u00a1Espero y deseo que lo super\u00e9is, y que consig\u00e1is coger fuerzas para construir de nuevo vuestro hogar!\u00bb<\/em><\/p>\n<p style=\"text-align: right\"><b>Pablo Amor\u00f3s G\u00f3mez, 1\u00baESO A<\/b><\/p>\n<p style=\"text-align: right\"><strong>\u00a0<\/strong><\/p>\n<!-- AddThis Advanced Settings generic via filter on the_content --><!-- AddThis Share Buttons generic via filter on the_content -->","protected":false},"excerpt":{"rendered":"<p>Es dif\u00edcil encontrar calor en las palabras cuando el dolor se ha apoderado del coraz\u00f3n, cuando la raz\u00f3n no se explica el porqu\u00e9 de tanto sufrimiento, cuando se ha perdido todo cuanto importaba en la vida; pero aunque cueste creerlo siempre hay una raz\u00f3n para seguir adelante, para luchar y no rendirse. El sol brillar\u00e1 [&hellip;]<!-- AddThis Advanced Settings generic via filter on get_the_excerpt --><!-- AddThis Share Buttons generic via filter on get_the_excerpt --><\/p>\n","protected":false},"author":7,"featured_media":0,"comment_status":"open","ping_status":"open","sticky":false,"template":"","format":"standard","meta":{"footnotes":""},"categories":[15],"tags":[10,13,16,52],"yoast_head":"<!-- This site is optimized with the Yoast SEO plugin v22.0 - https:\/\/yoast.com\/wordpress\/plugins\/seo\/ -->\n<title>Nuestro coraz\u00f3n est\u00e1 con vosotros, \u00a1\u00c1NIMO FILIPINAS! - TERTULIA LITERARIA<\/title>\n<meta name=\"robots\" content=\"index, follow, max-snippet:-1, max-image-preview:large, max-video-preview:-1\" \/>\n<link rel=\"canonical\" href=\"https:\/\/www.sanjuanysanpablo.com\/lenguayliteratura\/2013\/11\/17\/nuestro-corazon-esta-con-vosotros-filipinas\/\" \/>\n<meta property=\"og:locale\" content=\"es_ES\" \/>\n<meta property=\"og:type\" content=\"article\" \/>\n<meta property=\"og:title\" content=\"Nuestro coraz\u00f3n est\u00e1 con vosotros, \u00a1\u00c1NIMO FILIPINAS! - TERTULIA LITERARIA\" \/>\n<meta property=\"og:description\" content=\"Es dif\u00edcil encontrar calor en las palabras cuando el dolor se ha apoderado del coraz\u00f3n, cuando la raz\u00f3n no se explica el porqu\u00e9 de tanto sufrimiento, cuando se ha perdido todo cuanto importaba en la vida; pero aunque cueste creerlo siempre hay una raz\u00f3n para seguir adelante, para luchar y no rendirse. El sol brillar\u00e1 [&hellip;]\" \/>\n<meta property=\"og:url\" content=\"https:\/\/www.sanjuanysanpablo.com\/lenguayliteratura\/2013\/11\/17\/nuestro-corazon-esta-con-vosotros-filipinas\/\" \/>\n<meta property=\"og:site_name\" content=\"TERTULIA LITERARIA\" \/>\n<meta property=\"article:published_time\" content=\"2013-11-17T19:03:28+00:00\" \/>\n<meta property=\"article:modified_time\" content=\"2014-06-23T09:17:14+00:00\" \/>\n<meta property=\"og:image\" content=\"http:\/\/www.sanjuanysanpablo.com\/lenguayliteratura\/wp-content\/uploads\/sites\/3\/2013\/11\/30-300x161.jpg\" \/>\n<meta name=\"author\" content=\"aida\" \/>\n<meta name=\"twitter:card\" content=\"summary_large_image\" \/>\n<meta name=\"twitter:label1\" content=\"Escrito por\" \/>\n\t<meta name=\"twitter:data1\" content=\"aida\" \/>\n\t<meta name=\"twitter:label2\" content=\"Tiempo de lectura\" \/>\n\t<meta name=\"twitter:data2\" content=\"6 minutos\" \/>\n<script type=\"application\/ld+json\" class=\"yoast-schema-graph\">{\"@context\":\"https:\/\/schema.org\",\"@graph\":[{\"@type\":\"WebPage\",\"@id\":\"https:\/\/www.sanjuanysanpablo.com\/lenguayliteratura\/2013\/11\/17\/nuestro-corazon-esta-con-vosotros-filipinas\/\",\"url\":\"https:\/\/www.sanjuanysanpablo.com\/lenguayliteratura\/2013\/11\/17\/nuestro-corazon-esta-con-vosotros-filipinas\/\",\"name\":\"Nuestro coraz\u00f3n est\u00e1 con vosotros, \u00a1\u00c1NIMO FILIPINAS! - TERTULIA LITERARIA\",\"isPartOf\":{\"@id\":\"https:\/\/www.sanjuanysanpablo.com\/lenguayliteratura\/#website\"},\"datePublished\":\"2013-11-17T19:03:28+00:00\",\"dateModified\":\"2014-06-23T09:17:14+00:00\",\"author\":{\"@id\":\"https:\/\/www.sanjuanysanpablo.com\/lenguayliteratura\/#\/schema\/person\/ba4e4f94cccf25181ef2008c0c338ef0\"},\"breadcrumb\":{\"@id\":\"https:\/\/www.sanjuanysanpablo.com\/lenguayliteratura\/2013\/11\/17\/nuestro-corazon-esta-con-vosotros-filipinas\/#breadcrumb\"},\"inLanguage\":\"es\",\"potentialAction\":[{\"@type\":\"ReadAction\",\"target\":[\"https:\/\/www.sanjuanysanpablo.com\/lenguayliteratura\/2013\/11\/17\/nuestro-corazon-esta-con-vosotros-filipinas\/\"]}]},{\"@type\":\"BreadcrumbList\",\"@id\":\"https:\/\/www.sanjuanysanpablo.com\/lenguayliteratura\/2013\/11\/17\/nuestro-corazon-esta-con-vosotros-filipinas\/#breadcrumb\",\"itemListElement\":[{\"@type\":\"ListItem\",\"position\":1,\"name\":\"Portada\",\"item\":\"https:\/\/www.sanjuanysanpablo.com\/lenguayliteratura\/\"},{\"@type\":\"ListItem\",\"position\":2,\"name\":\"Nuestro coraz\u00f3n est\u00e1 con vosotros, \u00a1\u00c1NIMO FILIPINAS!\"}]},{\"@type\":\"WebSite\",\"@id\":\"https:\/\/www.sanjuanysanpablo.com\/lenguayliteratura\/#website\",\"url\":\"https:\/\/www.sanjuanysanpablo.com\/lenguayliteratura\/\",\"name\":\"TERTULIA LITERARIA\",\"description\":\"El Blog de Lengua y Literatura\",\"potentialAction\":[{\"@type\":\"SearchAction\",\"target\":{\"@type\":\"EntryPoint\",\"urlTemplate\":\"https:\/\/www.sanjuanysanpablo.com\/lenguayliteratura\/?s={search_term_string}\"},\"query-input\":\"required name=search_term_string\"}],\"inLanguage\":\"es\"},{\"@type\":\"Person\",\"@id\":\"https:\/\/www.sanjuanysanpablo.com\/lenguayliteratura\/#\/schema\/person\/ba4e4f94cccf25181ef2008c0c338ef0\",\"name\":\"aida\",\"image\":{\"@type\":\"ImageObject\",\"inLanguage\":\"es\",\"@id\":\"https:\/\/www.sanjuanysanpablo.com\/lenguayliteratura\/#\/schema\/person\/image\/\",\"url\":\"https:\/\/secure.gravatar.com\/avatar\/894640a3adf8e4e79fae80b0eb642b8a?s=96&d=mm&r=g\",\"contentUrl\":\"https:\/\/secure.gravatar.com\/avatar\/894640a3adf8e4e79fae80b0eb642b8a?s=96&d=mm&r=g\",\"caption\":\"aida\"},\"url\":\"https:\/\/www.sanjuanysanpablo.com\/lenguayliteratura\/author\/aida\/\"}]}<\/script>\n<!-- \/ Yoast SEO plugin. -->","yoast_head_json":{"title":"Nuestro coraz\u00f3n est\u00e1 con vosotros, \u00a1\u00c1NIMO FILIPINAS! - TERTULIA LITERARIA","robots":{"index":"index","follow":"follow","max-snippet":"max-snippet:-1","max-image-preview":"max-image-preview:large","max-video-preview":"max-video-preview:-1"},"canonical":"https:\/\/www.sanjuanysanpablo.com\/lenguayliteratura\/2013\/11\/17\/nuestro-corazon-esta-con-vosotros-filipinas\/","og_locale":"es_ES","og_type":"article","og_title":"Nuestro coraz\u00f3n est\u00e1 con vosotros, \u00a1\u00c1NIMO FILIPINAS! - TERTULIA LITERARIA","og_description":"Es dif\u00edcil encontrar calor en las palabras cuando el dolor se ha apoderado del coraz\u00f3n, cuando la raz\u00f3n no se explica el porqu\u00e9 de tanto sufrimiento, cuando se ha perdido todo cuanto importaba en la vida; pero aunque cueste creerlo siempre hay una raz\u00f3n para seguir adelante, para luchar y no rendirse. El sol brillar\u00e1 [&hellip;]","og_url":"https:\/\/www.sanjuanysanpablo.com\/lenguayliteratura\/2013\/11\/17\/nuestro-corazon-esta-con-vosotros-filipinas\/","og_site_name":"TERTULIA LITERARIA","article_published_time":"2013-11-17T19:03:28+00:00","article_modified_time":"2014-06-23T09:17:14+00:00","og_image":[{"url":"http:\/\/www.sanjuanysanpablo.com\/lenguayliteratura\/wp-content\/uploads\/sites\/3\/2013\/11\/30-300x161.jpg"}],"author":"aida","twitter_card":"summary_large_image","twitter_misc":{"Escrito por":"aida","Tiempo de lectura":"6 minutos"},"schema":{"@context":"https:\/\/schema.org","@graph":[{"@type":"WebPage","@id":"https:\/\/www.sanjuanysanpablo.com\/lenguayliteratura\/2013\/11\/17\/nuestro-corazon-esta-con-vosotros-filipinas\/","url":"https:\/\/www.sanjuanysanpablo.com\/lenguayliteratura\/2013\/11\/17\/nuestro-corazon-esta-con-vosotros-filipinas\/","name":"Nuestro coraz\u00f3n est\u00e1 con vosotros, \u00a1\u00c1NIMO FILIPINAS! - TERTULIA LITERARIA","isPartOf":{"@id":"https:\/\/www.sanjuanysanpablo.com\/lenguayliteratura\/#website"},"datePublished":"2013-11-17T19:03:28+00:00","dateModified":"2014-06-23T09:17:14+00:00","author":{"@id":"https:\/\/www.sanjuanysanpablo.com\/lenguayliteratura\/#\/schema\/person\/ba4e4f94cccf25181ef2008c0c338ef0"},"breadcrumb":{"@id":"https:\/\/www.sanjuanysanpablo.com\/lenguayliteratura\/2013\/11\/17\/nuestro-corazon-esta-con-vosotros-filipinas\/#breadcrumb"},"inLanguage":"es","potentialAction":[{"@type":"ReadAction","target":["https:\/\/www.sanjuanysanpablo.com\/lenguayliteratura\/2013\/11\/17\/nuestro-corazon-esta-con-vosotros-filipinas\/"]}]},{"@type":"BreadcrumbList","@id":"https:\/\/www.sanjuanysanpablo.com\/lenguayliteratura\/2013\/11\/17\/nuestro-corazon-esta-con-vosotros-filipinas\/#breadcrumb","itemListElement":[{"@type":"ListItem","position":1,"name":"Portada","item":"https:\/\/www.sanjuanysanpablo.com\/lenguayliteratura\/"},{"@type":"ListItem","position":2,"name":"Nuestro coraz\u00f3n est\u00e1 con vosotros, \u00a1\u00c1NIMO FILIPINAS!"}]},{"@type":"WebSite","@id":"https:\/\/www.sanjuanysanpablo.com\/lenguayliteratura\/#website","url":"https:\/\/www.sanjuanysanpablo.com\/lenguayliteratura\/","name":"TERTULIA LITERARIA","description":"El Blog de Lengua y Literatura","potentialAction":[{"@type":"SearchAction","target":{"@type":"EntryPoint","urlTemplate":"https:\/\/www.sanjuanysanpablo.com\/lenguayliteratura\/?s={search_term_string}"},"query-input":"required name=search_term_string"}],"inLanguage":"es"},{"@type":"Person","@id":"https:\/\/www.sanjuanysanpablo.com\/lenguayliteratura\/#\/schema\/person\/ba4e4f94cccf25181ef2008c0c338ef0","name":"aida","image":{"@type":"ImageObject","inLanguage":"es","@id":"https:\/\/www.sanjuanysanpablo.com\/lenguayliteratura\/#\/schema\/person\/image\/","url":"https:\/\/secure.gravatar.com\/avatar\/894640a3adf8e4e79fae80b0eb642b8a?s=96&d=mm&r=g","contentUrl":"https:\/\/secure.gravatar.com\/avatar\/894640a3adf8e4e79fae80b0eb642b8a?s=96&d=mm&r=g","caption":"aida"},"url":"https:\/\/www.sanjuanysanpablo.com\/lenguayliteratura\/author\/aida\/"}]}},"featured_image_src":null,"featured_image_src_square":null,"author_info":{"display_name":"aida","author_link":"https:\/\/www.sanjuanysanpablo.com\/lenguayliteratura\/author\/aida\/"},"_links":{"self":[{"href":"https:\/\/www.sanjuanysanpablo.com\/lenguayliteratura\/wp-json\/wp\/v2\/posts\/118"}],"collection":[{"href":"https:\/\/www.sanjuanysanpablo.com\/lenguayliteratura\/wp-json\/wp\/v2\/posts"}],"about":[{"href":"https:\/\/www.sanjuanysanpablo.com\/lenguayliteratura\/wp-json\/wp\/v2\/types\/post"}],"author":[{"embeddable":true,"href":"https:\/\/www.sanjuanysanpablo.com\/lenguayliteratura\/wp-json\/wp\/v2\/users\/7"}],"replies":[{"embeddable":true,"href":"https:\/\/www.sanjuanysanpablo.com\/lenguayliteratura\/wp-json\/wp\/v2\/comments?post=118"}],"version-history":[{"count":10,"href":"https:\/\/www.sanjuanysanpablo.com\/lenguayliteratura\/wp-json\/wp\/v2\/posts\/118\/revisions"}],"predecessor-version":[{"id":499,"href":"https:\/\/www.sanjuanysanpablo.com\/lenguayliteratura\/wp-json\/wp\/v2\/posts\/118\/revisions\/499"}],"wp:attachment":[{"href":"https:\/\/www.sanjuanysanpablo.com\/lenguayliteratura\/wp-json\/wp\/v2\/media?parent=118"}],"wp:term":[{"taxonomy":"category","embeddable":true,"href":"https:\/\/www.sanjuanysanpablo.com\/lenguayliteratura\/wp-json\/wp\/v2\/categories?post=118"},{"taxonomy":"post_tag","embeddable":true,"href":"https:\/\/www.sanjuanysanpablo.com\/lenguayliteratura\/wp-json\/wp\/v2\/tags?post=118"}],"curies":[{"name":"wp","href":"https:\/\/api.w.org\/{rel}","templated":true}]}}