{"id":5141,"date":"2020-05-24T16:05:05","date_gmt":"2020-05-24T16:05:05","guid":{"rendered":"http:\/\/www.sanjuanysanpablo.com\/lenguayliteratura\/?p=5141"},"modified":"2020-05-24T16:06:55","modified_gmt":"2020-05-24T16:06:55","slug":"poemas-de-amor-para-sibaritas-de-las-palabras","status":"publish","type":"post","link":"https:\/\/www.sanjuanysanpablo.com\/lenguayliteratura\/2020\/05\/24\/poemas-de-amor-para-sibaritas-de-las-palabras\/","title":{"rendered":"Poemas de amor para sibaritas de las palabras"},"content":{"rendered":"\n<p>Este nuevo modelo de escuela nos ha invitado a la reinvenci\u00f3n constante, y como resultado, hoy tenemos maravillas como las que vais a poder escuchar y leer.<\/p>\n\n\n\n<p>Est\u00e1bamos trabajando la l\u00edrica popular y la l\u00edrica culta, cuando le ped\u00ed a mis alumnos que, adoptando el rol de los antiguos trovadores, compusieran un poema de amor, o por contra, de desamor, con el que sacasen a relucir todo ese potencial literario que llevan dentro. <\/p>\n\n\n\n<p>Composiciones que son un canto a la vida, a la ilusi\u00f3n, a las personas que m\u00e1s nos quieren, a las pasiones que nos mueven&#8230;<\/p>\n\n\n\n<p>\u00a1Denle al play y disfruten! <\/p>\n\n\n\n<p><strong>CLAUDIA JUAN:<\/strong><\/p>\n\n\n\n<figure class=\"wp-block-embed-youtube wp-block-embed is-type-video is-provider-youtube wp-embed-aspect-16-9 wp-has-aspect-ratio\"><div class=\"wp-block-embed__wrapper\">\n<iframe loading=\"lazy\" title=\"Claudia Juan. POEMA\" width=\"500\" height=\"281\" src=\"https:\/\/www.youtube.com\/embed\/iQXdcmrVGmE?feature=oembed\" frameborder=\"0\" allow=\"accelerometer; autoplay; encrypted-media; gyroscope; picture-in-picture\" allowfullscreen><\/iframe>\n<\/div><\/figure>\n\n\n\n<p><strong>ALEJANDRO MART\u00cdNEZ:<\/strong><\/p>\n\n\n\n<figure class=\"wp-block-embed-youtube wp-block-embed is-type-video is-provider-youtube wp-embed-aspect-16-9 wp-has-aspect-ratio\"><div class=\"wp-block-embed__wrapper\">\n<iframe loading=\"lazy\" title=\"Alejandro Mart\u00ednez\" width=\"500\" height=\"281\" src=\"https:\/\/www.youtube.com\/embed\/BTKLtsFIvJw?feature=oembed\" frameborder=\"0\" allow=\"accelerometer; autoplay; encrypted-media; gyroscope; picture-in-picture\" allowfullscreen><\/iframe>\n<\/div><\/figure>\n\n\n\n<p><strong>IRENE VILLAR:<\/strong><\/p>\n\n\n\n<figure class=\"wp-block-embed-youtube wp-block-embed is-type-video is-provider-youtube wp-embed-aspect-16-9 wp-has-aspect-ratio\"><div class=\"wp-block-embed__wrapper\">\n<iframe loading=\"lazy\" title=\"Irene Villar\" width=\"500\" height=\"281\" src=\"https:\/\/www.youtube.com\/embed\/I050TV6EP4E?feature=oembed\" frameborder=\"0\" allow=\"accelerometer; autoplay; encrypted-media; gyroscope; picture-in-picture\" allowfullscreen><\/iframe>\n<\/div><\/figure>\n\n\n\n<p><strong>DAVID VILAPLANA:<\/strong><\/p>\n\n\n\n<figure class=\"wp-block-embed-youtube wp-block-embed is-type-video is-provider-youtube wp-embed-aspect-16-9 wp-has-aspect-ratio\"><div class=\"wp-block-embed__wrapper\">\n<iframe loading=\"lazy\" title=\"David Vilaplana\" width=\"500\" height=\"281\" src=\"https:\/\/www.youtube.com\/embed\/InIRoiWqJOQ?feature=oembed\" frameborder=\"0\" allow=\"accelerometer; autoplay; encrypted-media; gyroscope; picture-in-picture\" allowfullscreen><\/iframe>\n<\/div><\/figure>\n\n\n\n<p><strong>CARLOS TORRES:<\/strong><\/p>\n\n\n\n<figure class=\"wp-block-embed-youtube wp-block-embed is-type-video is-provider-youtube wp-embed-aspect-16-9 wp-has-aspect-ratio\"><div class=\"wp-block-embed__wrapper\">\n<iframe loading=\"lazy\" title=\"Carlos Torres\" width=\"500\" height=\"281\" src=\"https:\/\/www.youtube.com\/embed\/5a8rpCcf1X0?feature=oembed\" frameborder=\"0\" allow=\"accelerometer; autoplay; encrypted-media; gyroscope; picture-in-picture\" allowfullscreen><\/iframe>\n<\/div><\/figure>\n\n\n\n<p><strong>ELISABETH CARRASCO:<\/strong><\/p>\n\n\n\n<figure class=\"wp-block-embed-youtube wp-block-embed is-type-video is-provider-youtube wp-embed-aspect-16-9 wp-has-aspect-ratio\"><div class=\"wp-block-embed__wrapper\">\n<iframe loading=\"lazy\" title=\"Elisabeth Carrasco\" width=\"500\" height=\"281\" src=\"https:\/\/www.youtube.com\/embed\/ok7DLvmNNFY?feature=oembed\" frameborder=\"0\" allow=\"accelerometer; autoplay; encrypted-media; gyroscope; picture-in-picture\" allowfullscreen><\/iframe>\n<\/div><\/figure>\n\n\n\n<p><strong>CARLA BACH:<\/strong><\/p>\n\n\n\n<figure class=\"wp-block-embed-youtube wp-block-embed is-type-video is-provider-youtube wp-embed-aspect-16-9 wp-has-aspect-ratio\"><div class=\"wp-block-embed__wrapper\">\n<iframe loading=\"lazy\" title=\"Carla Bach\" width=\"500\" height=\"281\" src=\"https:\/\/www.youtube.com\/embed\/8uvcL9DiY-0?feature=oembed\" frameborder=\"0\" allow=\"accelerometer; autoplay; encrypted-media; gyroscope; picture-in-picture\" allowfullscreen><\/iframe>\n<\/div><\/figure>\n\n\n\n<p><strong>ELENA MARIEL:<\/strong><\/p>\n\n\n\n<figure class=\"wp-block-embed-youtube wp-block-embed is-type-video is-provider-youtube wp-embed-aspect-16-9 wp-has-aspect-ratio\"><div class=\"wp-block-embed__wrapper\">\n<iframe loading=\"lazy\" title=\"Elena Mariel\" width=\"500\" height=\"281\" src=\"https:\/\/www.youtube.com\/embed\/ttp7xKhBEYo?feature=oembed\" frameborder=\"0\" allow=\"accelerometer; autoplay; encrypted-media; gyroscope; picture-in-picture\" allowfullscreen><\/iframe>\n<\/div><\/figure>\n\n\n\n<p><strong>FERRAN VALERO:<\/strong><\/p>\n\n\n\n<figure class=\"wp-block-embed-youtube wp-block-embed is-type-video is-provider-youtube wp-embed-aspect-16-9 wp-has-aspect-ratio\"><div class=\"wp-block-embed__wrapper\">\n<iframe loading=\"lazy\" title=\"Ferran Valero\" width=\"500\" height=\"281\" src=\"https:\/\/www.youtube.com\/embed\/l2xtlLvD9X4?feature=oembed\" frameborder=\"0\" allow=\"accelerometer; autoplay; encrypted-media; gyroscope; picture-in-picture\" allowfullscreen><\/iframe>\n<\/div><\/figure>\n\n\n\n<p><strong>H\u00c9CTOR CARBONELL:<\/strong><\/p>\n\n\n\n<figure class=\"wp-block-embed-youtube wp-block-embed is-type-video is-provider-youtube wp-embed-aspect-16-9 wp-has-aspect-ratio\"><div class=\"wp-block-embed__wrapper\">\n<iframe loading=\"lazy\" title=\"H\u00e9ctor Carbonell\" width=\"500\" height=\"281\" src=\"https:\/\/www.youtube.com\/embed\/B_uQLwZg-xE?feature=oembed\" frameborder=\"0\" allow=\"accelerometer; autoplay; encrypted-media; gyroscope; picture-in-picture\" allowfullscreen><\/iframe>\n<\/div><\/figure>\n\n\n\n<p><strong>MARINA BROTONS:<\/strong><\/p>\n\n\n\n<figure class=\"wp-block-image size-large\"><img loading=\"lazy\" decoding=\"async\" width=\"990\" height=\"702\" src=\"https:\/\/www.sanjuanysanpablo.com\/lenguayliteratura\/wp-content\/uploads\/sites\/3\/2020\/05\/Marina-Brotons.jpg\" alt=\"\" class=\"wp-image-5154\" srcset=\"https:\/\/www.sanjuanysanpablo.com\/lenguayliteratura\/wp-content\/uploads\/sites\/3\/2020\/05\/Marina-Brotons.jpg 990w, https:\/\/www.sanjuanysanpablo.com\/lenguayliteratura\/wp-content\/uploads\/sites\/3\/2020\/05\/Marina-Brotons-300x213.jpg 300w, https:\/\/www.sanjuanysanpablo.com\/lenguayliteratura\/wp-content\/uploads\/sites\/3\/2020\/05\/Marina-Brotons-768x545.jpg 768w\" sizes=\"(max-width: 990px) 100vw, 990px\" \/><\/figure>\n\n\n\n<p><strong>ROSA L\u00d3PEZ:<\/strong><\/p>\n\n\n\n<figure class=\"wp-block-gallery columns-1 is-cropped wp-block-gallery-1 is-layout-flex wp-block-gallery-is-layout-flex\"><ul class=\"blocks-gallery-grid\"><li class=\"blocks-gallery-item\"><figure><img loading=\"lazy\" decoding=\"async\" width=\"344\" height=\"544\" src=\"https:\/\/www.sanjuanysanpablo.com\/lenguayliteratura\/wp-content\/uploads\/sites\/3\/2020\/05\/Caos.png\" alt=\"\" data-id=\"5162\" data-full-url=\"https:\/\/www.sanjuanysanpablo.com\/lenguayliteratura\/wp-content\/uploads\/sites\/3\/2020\/05\/Caos.png\" data-link=\"https:\/\/www.sanjuanysanpablo.com\/lenguayliteratura\/2020\/05\/24\/poemas-de-amor-para-sibaritas-de-las-palabras\/caos\/\" class=\"wp-image-5162\" srcset=\"https:\/\/www.sanjuanysanpablo.com\/lenguayliteratura\/wp-content\/uploads\/sites\/3\/2020\/05\/Caos.png 344w, https:\/\/www.sanjuanysanpablo.com\/lenguayliteratura\/wp-content\/uploads\/sites\/3\/2020\/05\/Caos-190x300.png 190w\" sizes=\"(max-width: 344px) 100vw, 344px\" \/><\/figure><\/li><\/ul><\/figure>\n<!-- AddThis Advanced Settings generic via filter on the_content --><!-- AddThis Share Buttons generic via filter on the_content -->","protected":false},"excerpt":{"rendered":"<p>Este nuevo modelo de escuela nos ha invitado a la reinvenci\u00f3n constante, y como resultado, hoy tenemos maravillas como las que vais a poder escuchar y leer. Est\u00e1bamos trabajando la l\u00edrica popular y la l\u00edrica culta, cuando le ped\u00ed a mis alumnos que, adoptando el rol de los antiguos trovadores, compusieran un poema de amor, [&hellip;]<!-- AddThis Advanced Settings generic via filter on get_the_excerpt --><!-- AddThis Share Buttons generic via filter on get_the_excerpt --><\/p>\n","protected":false},"author":7,"featured_media":5160,"comment_status":"open","ping_status":"open","sticky":false,"template":"","format":"standard","meta":{"footnotes":""},"categories":[504],"tags":[439,494,346,351,507,506,508,505],"yoast_head":"<!-- This site is optimized with the Yoast SEO plugin v22.0 - https:\/\/yoast.com\/wordpress\/plugins\/seo\/ -->\n<title>Poemas de amor para sibaritas de las palabras - TERTULIA LITERARIA<\/title>\n<meta name=\"robots\" content=\"index, follow, max-snippet:-1, max-image-preview:large, max-video-preview:-1\" \/>\n<link rel=\"canonical\" href=\"https:\/\/www.sanjuanysanpablo.com\/lenguayliteratura\/2020\/05\/24\/poemas-de-amor-para-sibaritas-de-las-palabras\/\" \/>\n<meta property=\"og:locale\" content=\"es_ES\" \/>\n<meta property=\"og:type\" content=\"article\" \/>\n<meta property=\"og:title\" content=\"Poemas de amor para sibaritas de las palabras - TERTULIA LITERARIA\" \/>\n<meta property=\"og:description\" content=\"Este nuevo modelo de escuela nos ha invitado a la reinvenci\u00f3n constante, y como resultado, hoy tenemos maravillas como las que vais a poder escuchar y leer. Est\u00e1bamos trabajando la l\u00edrica popular y la l\u00edrica culta, cuando le ped\u00ed a mis alumnos que, adoptando el rol de los antiguos trovadores, compusieran un poema de amor, [&hellip;]\" \/>\n<meta property=\"og:url\" content=\"https:\/\/www.sanjuanysanpablo.com\/lenguayliteratura\/2020\/05\/24\/poemas-de-amor-para-sibaritas-de-las-palabras\/\" \/>\n<meta property=\"og:site_name\" content=\"TERTULIA LITERARIA\" \/>\n<meta property=\"article:published_time\" content=\"2020-05-24T16:05:05+00:00\" \/>\n<meta property=\"article:modified_time\" content=\"2020-05-24T16:06:55+00:00\" \/>\n<meta property=\"og:image\" content=\"https:\/\/www.sanjuanysanpablo.com\/lenguayliteratura\/wp-content\/uploads\/sites\/3\/2020\/05\/COLLAGE.jpg\" \/>\n\t<meta property=\"og:image:width\" content=\"835\" \/>\n\t<meta property=\"og:image:height\" content=\"628\" \/>\n\t<meta property=\"og:image:type\" content=\"image\/jpeg\" \/>\n<meta name=\"author\" content=\"aida\" \/>\n<meta name=\"twitter:card\" content=\"summary_large_image\" \/>\n<meta name=\"twitter:label1\" content=\"Escrito por\" \/>\n\t<meta name=\"twitter:data1\" content=\"aida\" \/>\n\t<meta name=\"twitter:label2\" content=\"Tiempo de lectura\" \/>\n\t<meta name=\"twitter:data2\" content=\"1 minuto\" \/>\n<script type=\"application\/ld+json\" class=\"yoast-schema-graph\">{\"@context\":\"https:\/\/schema.org\",\"@graph\":[{\"@type\":\"WebPage\",\"@id\":\"https:\/\/www.sanjuanysanpablo.com\/lenguayliteratura\/2020\/05\/24\/poemas-de-amor-para-sibaritas-de-las-palabras\/\",\"url\":\"https:\/\/www.sanjuanysanpablo.com\/lenguayliteratura\/2020\/05\/24\/poemas-de-amor-para-sibaritas-de-las-palabras\/\",\"name\":\"Poemas de amor para sibaritas de las palabras - TERTULIA LITERARIA\",\"isPartOf\":{\"@id\":\"https:\/\/www.sanjuanysanpablo.com\/lenguayliteratura\/#website\"},\"datePublished\":\"2020-05-24T16:05:05+00:00\",\"dateModified\":\"2020-05-24T16:06:55+00:00\",\"author\":{\"@id\":\"https:\/\/www.sanjuanysanpablo.com\/lenguayliteratura\/#\/schema\/person\/ba4e4f94cccf25181ef2008c0c338ef0\"},\"breadcrumb\":{\"@id\":\"https:\/\/www.sanjuanysanpablo.com\/lenguayliteratura\/2020\/05\/24\/poemas-de-amor-para-sibaritas-de-las-palabras\/#breadcrumb\"},\"inLanguage\":\"es\",\"potentialAction\":[{\"@type\":\"ReadAction\",\"target\":[\"https:\/\/www.sanjuanysanpablo.com\/lenguayliteratura\/2020\/05\/24\/poemas-de-amor-para-sibaritas-de-las-palabras\/\"]}]},{\"@type\":\"BreadcrumbList\",\"@id\":\"https:\/\/www.sanjuanysanpablo.com\/lenguayliteratura\/2020\/05\/24\/poemas-de-amor-para-sibaritas-de-las-palabras\/#breadcrumb\",\"itemListElement\":[{\"@type\":\"ListItem\",\"position\":1,\"name\":\"Portada\",\"item\":\"https:\/\/www.sanjuanysanpablo.com\/lenguayliteratura\/\"},{\"@type\":\"ListItem\",\"position\":2,\"name\":\"Poemas de amor para sibaritas de las palabras\"}]},{\"@type\":\"WebSite\",\"@id\":\"https:\/\/www.sanjuanysanpablo.com\/lenguayliteratura\/#website\",\"url\":\"https:\/\/www.sanjuanysanpablo.com\/lenguayliteratura\/\",\"name\":\"TERTULIA LITERARIA\",\"description\":\"El Blog de Lengua y Literatura\",\"potentialAction\":[{\"@type\":\"SearchAction\",\"target\":{\"@type\":\"EntryPoint\",\"urlTemplate\":\"https:\/\/www.sanjuanysanpablo.com\/lenguayliteratura\/?s={search_term_string}\"},\"query-input\":\"required name=search_term_string\"}],\"inLanguage\":\"es\"},{\"@type\":\"Person\",\"@id\":\"https:\/\/www.sanjuanysanpablo.com\/lenguayliteratura\/#\/schema\/person\/ba4e4f94cccf25181ef2008c0c338ef0\",\"name\":\"aida\",\"image\":{\"@type\":\"ImageObject\",\"inLanguage\":\"es\",\"@id\":\"https:\/\/www.sanjuanysanpablo.com\/lenguayliteratura\/#\/schema\/person\/image\/\",\"url\":\"https:\/\/secure.gravatar.com\/avatar\/894640a3adf8e4e79fae80b0eb642b8a?s=96&d=mm&r=g\",\"contentUrl\":\"https:\/\/secure.gravatar.com\/avatar\/894640a3adf8e4e79fae80b0eb642b8a?s=96&d=mm&r=g\",\"caption\":\"aida\"},\"url\":\"https:\/\/www.sanjuanysanpablo.com\/lenguayliteratura\/author\/aida\/\"}]}<\/script>\n<!-- \/ Yoast SEO plugin. -->","yoast_head_json":{"title":"Poemas de amor para sibaritas de las palabras - TERTULIA LITERARIA","robots":{"index":"index","follow":"follow","max-snippet":"max-snippet:-1","max-image-preview":"max-image-preview:large","max-video-preview":"max-video-preview:-1"},"canonical":"https:\/\/www.sanjuanysanpablo.com\/lenguayliteratura\/2020\/05\/24\/poemas-de-amor-para-sibaritas-de-las-palabras\/","og_locale":"es_ES","og_type":"article","og_title":"Poemas de amor para sibaritas de las palabras - TERTULIA LITERARIA","og_description":"Este nuevo modelo de escuela nos ha invitado a la reinvenci\u00f3n constante, y como resultado, hoy tenemos maravillas como las que vais a poder escuchar y leer. Est\u00e1bamos trabajando la l\u00edrica popular y la l\u00edrica culta, cuando le ped\u00ed a mis alumnos que, adoptando el rol de los antiguos trovadores, compusieran un poema de amor, [&hellip;]","og_url":"https:\/\/www.sanjuanysanpablo.com\/lenguayliteratura\/2020\/05\/24\/poemas-de-amor-para-sibaritas-de-las-palabras\/","og_site_name":"TERTULIA LITERARIA","article_published_time":"2020-05-24T16:05:05+00:00","article_modified_time":"2020-05-24T16:06:55+00:00","og_image":[{"width":835,"height":628,"url":"https:\/\/www.sanjuanysanpablo.com\/lenguayliteratura\/wp-content\/uploads\/sites\/3\/2020\/05\/COLLAGE.jpg","type":"image\/jpeg"}],"author":"aida","twitter_card":"summary_large_image","twitter_misc":{"Escrito por":"aida","Tiempo de lectura":"1 minuto"},"schema":{"@context":"https:\/\/schema.org","@graph":[{"@type":"WebPage","@id":"https:\/\/www.sanjuanysanpablo.com\/lenguayliteratura\/2020\/05\/24\/poemas-de-amor-para-sibaritas-de-las-palabras\/","url":"https:\/\/www.sanjuanysanpablo.com\/lenguayliteratura\/2020\/05\/24\/poemas-de-amor-para-sibaritas-de-las-palabras\/","name":"Poemas de amor para sibaritas de las palabras - TERTULIA LITERARIA","isPartOf":{"@id":"https:\/\/www.sanjuanysanpablo.com\/lenguayliteratura\/#website"},"datePublished":"2020-05-24T16:05:05+00:00","dateModified":"2020-05-24T16:06:55+00:00","author":{"@id":"https:\/\/www.sanjuanysanpablo.com\/lenguayliteratura\/#\/schema\/person\/ba4e4f94cccf25181ef2008c0c338ef0"},"breadcrumb":{"@id":"https:\/\/www.sanjuanysanpablo.com\/lenguayliteratura\/2020\/05\/24\/poemas-de-amor-para-sibaritas-de-las-palabras\/#breadcrumb"},"inLanguage":"es","potentialAction":[{"@type":"ReadAction","target":["https:\/\/www.sanjuanysanpablo.com\/lenguayliteratura\/2020\/05\/24\/poemas-de-amor-para-sibaritas-de-las-palabras\/"]}]},{"@type":"BreadcrumbList","@id":"https:\/\/www.sanjuanysanpablo.com\/lenguayliteratura\/2020\/05\/24\/poemas-de-amor-para-sibaritas-de-las-palabras\/#breadcrumb","itemListElement":[{"@type":"ListItem","position":1,"name":"Portada","item":"https:\/\/www.sanjuanysanpablo.com\/lenguayliteratura\/"},{"@type":"ListItem","position":2,"name":"Poemas de amor para sibaritas de las palabras"}]},{"@type":"WebSite","@id":"https:\/\/www.sanjuanysanpablo.com\/lenguayliteratura\/#website","url":"https:\/\/www.sanjuanysanpablo.com\/lenguayliteratura\/","name":"TERTULIA LITERARIA","description":"El Blog de Lengua y Literatura","potentialAction":[{"@type":"SearchAction","target":{"@type":"EntryPoint","urlTemplate":"https:\/\/www.sanjuanysanpablo.com\/lenguayliteratura\/?s={search_term_string}"},"query-input":"required name=search_term_string"}],"inLanguage":"es"},{"@type":"Person","@id":"https:\/\/www.sanjuanysanpablo.com\/lenguayliteratura\/#\/schema\/person\/ba4e4f94cccf25181ef2008c0c338ef0","name":"aida","image":{"@type":"ImageObject","inLanguage":"es","@id":"https:\/\/www.sanjuanysanpablo.com\/lenguayliteratura\/#\/schema\/person\/image\/","url":"https:\/\/secure.gravatar.com\/avatar\/894640a3adf8e4e79fae80b0eb642b8a?s=96&d=mm&r=g","contentUrl":"https:\/\/secure.gravatar.com\/avatar\/894640a3adf8e4e79fae80b0eb642b8a?s=96&d=mm&r=g","caption":"aida"},"url":"https:\/\/www.sanjuanysanpablo.com\/lenguayliteratura\/author\/aida\/"}]}},"featured_image_src":"https:\/\/www.sanjuanysanpablo.com\/lenguayliteratura\/wp-content\/uploads\/sites\/3\/2020\/05\/COLLAGE.jpg","featured_image_src_square":"https:\/\/www.sanjuanysanpablo.com\/lenguayliteratura\/wp-content\/uploads\/sites\/3\/2020\/05\/COLLAGE.jpg","author_info":{"display_name":"aida","author_link":"https:\/\/www.sanjuanysanpablo.com\/lenguayliteratura\/author\/aida\/"},"_links":{"self":[{"href":"https:\/\/www.sanjuanysanpablo.com\/lenguayliteratura\/wp-json\/wp\/v2\/posts\/5141"}],"collection":[{"href":"https:\/\/www.sanjuanysanpablo.com\/lenguayliteratura\/wp-json\/wp\/v2\/posts"}],"about":[{"href":"https:\/\/www.sanjuanysanpablo.com\/lenguayliteratura\/wp-json\/wp\/v2\/types\/post"}],"author":[{"embeddable":true,"href":"https:\/\/www.sanjuanysanpablo.com\/lenguayliteratura\/wp-json\/wp\/v2\/users\/7"}],"replies":[{"embeddable":true,"href":"https:\/\/www.sanjuanysanpablo.com\/lenguayliteratura\/wp-json\/wp\/v2\/comments?post=5141"}],"version-history":[{"count":9,"href":"https:\/\/www.sanjuanysanpablo.com\/lenguayliteratura\/wp-json\/wp\/v2\/posts\/5141\/revisions"}],"predecessor-version":[{"id":5163,"href":"https:\/\/www.sanjuanysanpablo.com\/lenguayliteratura\/wp-json\/wp\/v2\/posts\/5141\/revisions\/5163"}],"wp:featuredmedia":[{"embeddable":true,"href":"https:\/\/www.sanjuanysanpablo.com\/lenguayliteratura\/wp-json\/wp\/v2\/media\/5160"}],"wp:attachment":[{"href":"https:\/\/www.sanjuanysanpablo.com\/lenguayliteratura\/wp-json\/wp\/v2\/media?parent=5141"}],"wp:term":[{"taxonomy":"category","embeddable":true,"href":"https:\/\/www.sanjuanysanpablo.com\/lenguayliteratura\/wp-json\/wp\/v2\/categories?post=5141"},{"taxonomy":"post_tag","embeddable":true,"href":"https:\/\/www.sanjuanysanpablo.com\/lenguayliteratura\/wp-json\/wp\/v2\/tags?post=5141"}],"curies":[{"name":"wp","href":"https:\/\/api.w.org\/{rel}","templated":true}]}}