{"id":5680,"date":"2022-01-30T18:27:33","date_gmt":"2022-01-30T18:27:33","guid":{"rendered":"http:\/\/www.sanjuanysanpablo.com\/lenguayliteratura\/?p=5680"},"modified":"2022-01-30T18:27:33","modified_gmt":"2022-01-30T18:27:33","slug":"el-lenguaje-humoristico-y-poetico-de-la-connotacion","status":"publish","type":"post","link":"https:\/\/www.sanjuanysanpablo.com\/lenguayliteratura\/2022\/01\/30\/el-lenguaje-humoristico-y-poetico-de-la-connotacion\/","title":{"rendered":"El lenguaje humor\u00edstico y po\u00e9tico de la connotaci\u00f3n"},"content":{"rendered":"\n<p>En 3\u00baESO hemos trabajado en profundidad la diferencia entre el sentido denotativo y el connotativo, y, hemos reparado en c\u00f3mo este \u00faltimo puede desempe\u00f1ar a veces un papel humor\u00edstico, otras creativo y otras brindarnos la oportunidad de jugar con \u00e9l de una forma tan ingeniosa como la que reflejan estas tiras c\u00f3micas y estos carteles publicitarios&#8230;<\/p>\n\n\n\n<figure class=\"wp-block-image size-large\"><img loading=\"lazy\" decoding=\"async\" width=\"1024\" height=\"674\" src=\"https:\/\/www.sanjuanysanpablo.com\/lenguayliteratura\/wp-content\/uploads\/sites\/3\/2022\/01\/Nerea-e-In\u00e9s-1024x674.jpg\" alt=\"\" class=\"wp-image-5681\" srcset=\"https:\/\/www.sanjuanysanpablo.com\/lenguayliteratura\/wp-content\/uploads\/sites\/3\/2022\/01\/Nerea-e-In\u00e9s-1024x674.jpg 1024w, https:\/\/www.sanjuanysanpablo.com\/lenguayliteratura\/wp-content\/uploads\/sites\/3\/2022\/01\/Nerea-e-In\u00e9s-300x197.jpg 300w, https:\/\/www.sanjuanysanpablo.com\/lenguayliteratura\/wp-content\/uploads\/sites\/3\/2022\/01\/Nerea-e-In\u00e9s-768x505.jpg 768w, https:\/\/www.sanjuanysanpablo.com\/lenguayliteratura\/wp-content\/uploads\/sites\/3\/2022\/01\/Nerea-e-In\u00e9s-1536x1011.jpg 1536w, https:\/\/www.sanjuanysanpablo.com\/lenguayliteratura\/wp-content\/uploads\/sites\/3\/2022\/01\/Nerea-e-In\u00e9s-rotated.jpg 1824w\" sizes=\"(max-width: 1024px) 100vw, 1024px\" \/><figcaption>Nerea Ant\u00f3n e In\u00e9s Ruiz<\/figcaption><\/figure>\n\n\n\n<figure class=\"wp-block-image size-large\"><img loading=\"lazy\" decoding=\"async\" width=\"1024\" height=\"247\" src=\"https:\/\/www.sanjuanysanpablo.com\/lenguayliteratura\/wp-content\/uploads\/sites\/3\/2022\/01\/Javi-Requena-y-David-Reche-1024x247.png\" alt=\"\" class=\"wp-image-5682\" srcset=\"https:\/\/www.sanjuanysanpablo.com\/lenguayliteratura\/wp-content\/uploads\/sites\/3\/2022\/01\/Javi-Requena-y-David-Reche-1024x247.png 1024w, https:\/\/www.sanjuanysanpablo.com\/lenguayliteratura\/wp-content\/uploads\/sites\/3\/2022\/01\/Javi-Requena-y-David-Reche-300x73.png 300w, https:\/\/www.sanjuanysanpablo.com\/lenguayliteratura\/wp-content\/uploads\/sites\/3\/2022\/01\/Javi-Requena-y-David-Reche-768x186.png 768w, https:\/\/www.sanjuanysanpablo.com\/lenguayliteratura\/wp-content\/uploads\/sites\/3\/2022\/01\/Javi-Requena-y-David-Reche-1536x371.png 1536w, https:\/\/www.sanjuanysanpablo.com\/lenguayliteratura\/wp-content\/uploads\/sites\/3\/2022\/01\/Javi-Requena-y-David-Reche.png 1804w\" sizes=\"(max-width: 1024px) 100vw, 1024px\" \/><figcaption>Javi Requena y David Reche<\/figcaption><\/figure>\n\n\n\n<figure class=\"wp-block-image size-large\"><img loading=\"lazy\" decoding=\"async\" width=\"1024\" height=\"347\" src=\"https:\/\/www.sanjuanysanpablo.com\/lenguayliteratura\/wp-content\/uploads\/sites\/3\/2022\/01\/Alberto-y-Aitana-Jara-1024x347.png\" alt=\"\" class=\"wp-image-5684\" srcset=\"https:\/\/www.sanjuanysanpablo.com\/lenguayliteratura\/wp-content\/uploads\/sites\/3\/2022\/01\/Alberto-y-Aitana-Jara-1024x347.png 1024w, https:\/\/www.sanjuanysanpablo.com\/lenguayliteratura\/wp-content\/uploads\/sites\/3\/2022\/01\/Alberto-y-Aitana-Jara-300x102.png 300w, https:\/\/www.sanjuanysanpablo.com\/lenguayliteratura\/wp-content\/uploads\/sites\/3\/2022\/01\/Alberto-y-Aitana-Jara-768x260.png 768w, https:\/\/www.sanjuanysanpablo.com\/lenguayliteratura\/wp-content\/uploads\/sites\/3\/2022\/01\/Alberto-y-Aitana-Jara-1536x520.png 1536w, https:\/\/www.sanjuanysanpablo.com\/lenguayliteratura\/wp-content\/uploads\/sites\/3\/2022\/01\/Alberto-y-Aitana-Jara.png 1869w\" sizes=\"(max-width: 1024px) 100vw, 1024px\" \/><figcaption>Alberto Martos y Aitana Jara<\/figcaption><\/figure>\n\n\n\n<figure class=\"wp-block-image size-large\"><img loading=\"lazy\" decoding=\"async\" width=\"567\" height=\"557\" src=\"https:\/\/www.sanjuanysanpablo.com\/lenguayliteratura\/wp-content\/uploads\/sites\/3\/2022\/01\/Paula-Granero-y-Cristina-Valls.jpg\" alt=\"\" class=\"wp-image-5685\" srcset=\"https:\/\/www.sanjuanysanpablo.com\/lenguayliteratura\/wp-content\/uploads\/sites\/3\/2022\/01\/Paula-Granero-y-Cristina-Valls.jpg 567w, https:\/\/www.sanjuanysanpablo.com\/lenguayliteratura\/wp-content\/uploads\/sites\/3\/2022\/01\/Paula-Granero-y-Cristina-Valls-300x295.jpg 300w\" sizes=\"(max-width: 567px) 100vw, 567px\" \/><figcaption>Paula Granero y Cristina Valls<\/figcaption><\/figure>\n\n\n\n<figure class=\"wp-block-image size-large\"><img loading=\"lazy\" decoding=\"async\" width=\"1024\" height=\"1014\" src=\"https:\/\/www.sanjuanysanpablo.com\/lenguayliteratura\/wp-content\/uploads\/sites\/3\/2022\/01\/Nati-Mar\u00eda-Valls-y-Sonia-1024x1014.jpg\" alt=\"\" class=\"wp-image-5686\" srcset=\"https:\/\/www.sanjuanysanpablo.com\/lenguayliteratura\/wp-content\/uploads\/sites\/3\/2022\/01\/Nati-Mar\u00eda-Valls-y-Sonia-1024x1014.jpg 1024w, https:\/\/www.sanjuanysanpablo.com\/lenguayliteratura\/wp-content\/uploads\/sites\/3\/2022\/01\/Nati-Mar\u00eda-Valls-y-Sonia-300x297.jpg 300w, https:\/\/www.sanjuanysanpablo.com\/lenguayliteratura\/wp-content\/uploads\/sites\/3\/2022\/01\/Nati-Mar\u00eda-Valls-y-Sonia-150x150.jpg 150w, https:\/\/www.sanjuanysanpablo.com\/lenguayliteratura\/wp-content\/uploads\/sites\/3\/2022\/01\/Nati-Mar\u00eda-Valls-y-Sonia-768x761.jpg 768w, https:\/\/www.sanjuanysanpablo.com\/lenguayliteratura\/wp-content\/uploads\/sites\/3\/2022\/01\/Nati-Mar\u00eda-Valls-y-Sonia.jpg 1469w\" sizes=\"(max-width: 1024px) 100vw, 1024px\" \/><figcaption>Sonia Ferri, Nati Jim\u00e9nez y Mar\u00eda Valls<\/figcaption><\/figure>\n\n\n\n<figure class=\"wp-block-image size-large\"><img loading=\"lazy\" decoding=\"async\" width=\"1024\" height=\"1024\" src=\"https:\/\/www.sanjuanysanpablo.com\/lenguayliteratura\/wp-content\/uploads\/sites\/3\/2022\/01\/Aroa-Mar-y-Daniela-1024x1024.jpg\" alt=\"\" class=\"wp-image-5687\" srcset=\"https:\/\/www.sanjuanysanpablo.com\/lenguayliteratura\/wp-content\/uploads\/sites\/3\/2022\/01\/Aroa-Mar-y-Daniela-1024x1024.jpg 1024w, https:\/\/www.sanjuanysanpablo.com\/lenguayliteratura\/wp-content\/uploads\/sites\/3\/2022\/01\/Aroa-Mar-y-Daniela-300x300.jpg 300w, https:\/\/www.sanjuanysanpablo.com\/lenguayliteratura\/wp-content\/uploads\/sites\/3\/2022\/01\/Aroa-Mar-y-Daniela-150x150.jpg 150w, https:\/\/www.sanjuanysanpablo.com\/lenguayliteratura\/wp-content\/uploads\/sites\/3\/2022\/01\/Aroa-Mar-y-Daniela-768x769.jpg 768w, https:\/\/www.sanjuanysanpablo.com\/lenguayliteratura\/wp-content\/uploads\/sites\/3\/2022\/01\/Aroa-Mar-y-Daniela.jpg 1415w\" sizes=\"(max-width: 1024px) 100vw, 1024px\" \/><figcaption>Aroa Le\u00f3n, Daniela Hidalgo y Mar Valero<\/figcaption><\/figure>\n\n\n\n<figure class=\"wp-block-image size-large\"><img loading=\"lazy\" decoding=\"async\" width=\"950\" height=\"1024\" src=\"https:\/\/www.sanjuanysanpablo.com\/lenguayliteratura\/wp-content\/uploads\/sites\/3\/2022\/01\/D\u00e9bora-P\u00e9rez-y-Luc\u00eda-Mercado-950x1024.jpg\" alt=\"\" class=\"wp-image-5690\" srcset=\"https:\/\/www.sanjuanysanpablo.com\/lenguayliteratura\/wp-content\/uploads\/sites\/3\/2022\/01\/D\u00e9bora-P\u00e9rez-y-Luc\u00eda-Mercado-950x1024.jpg 950w, https:\/\/www.sanjuanysanpablo.com\/lenguayliteratura\/wp-content\/uploads\/sites\/3\/2022\/01\/D\u00e9bora-P\u00e9rez-y-Luc\u00eda-Mercado-278x300.jpg 278w, https:\/\/www.sanjuanysanpablo.com\/lenguayliteratura\/wp-content\/uploads\/sites\/3\/2022\/01\/D\u00e9bora-P\u00e9rez-y-Luc\u00eda-Mercado-768x828.jpg 768w, https:\/\/www.sanjuanysanpablo.com\/lenguayliteratura\/wp-content\/uploads\/sites\/3\/2022\/01\/D\u00e9bora-P\u00e9rez-y-Luc\u00eda-Mercado.jpg 1413w\" sizes=\"(max-width: 950px) 100vw, 950px\" \/><figcaption>D\u00e9bora P\u00e9rez y Luc\u00eda Mercado<\/figcaption><\/figure>\n\n\n\n<figure class=\"wp-block-image size-large\"><img loading=\"lazy\" decoding=\"async\" width=\"750\" height=\"747\" src=\"https:\/\/www.sanjuanysanpablo.com\/lenguayliteratura\/wp-content\/uploads\/sites\/3\/2022\/01\/Sara-Mercado-Roc\u00edo-Mart\u00edn-e-Irene-L\u00f3pez.jpeg\" alt=\"\" class=\"wp-image-5692\" srcset=\"https:\/\/www.sanjuanysanpablo.com\/lenguayliteratura\/wp-content\/uploads\/sites\/3\/2022\/01\/Sara-Mercado-Roc\u00edo-Mart\u00edn-e-Irene-L\u00f3pez.jpeg 750w, https:\/\/www.sanjuanysanpablo.com\/lenguayliteratura\/wp-content\/uploads\/sites\/3\/2022\/01\/Sara-Mercado-Roc\u00edo-Mart\u00edn-e-Irene-L\u00f3pez-300x300.jpeg 300w, https:\/\/www.sanjuanysanpablo.com\/lenguayliteratura\/wp-content\/uploads\/sites\/3\/2022\/01\/Sara-Mercado-Roc\u00edo-Mart\u00edn-e-Irene-L\u00f3pez-150x150.jpeg 150w\" sizes=\"(max-width: 750px) 100vw, 750px\" \/><figcaption>Roc\u00edo Mar\u00edn, Sara Mercado e Irene L\u00f3pez<\/figcaption><\/figure>\n\n\n\n<figure class=\"wp-block-image size-large\"><img loading=\"lazy\" decoding=\"async\" width=\"948\" height=\"1024\" src=\"https:\/\/www.sanjuanysanpablo.com\/lenguayliteratura\/wp-content\/uploads\/sites\/3\/2022\/01\/Paco-L\u00f3pez-y-Adri\u00e1n-L\u00f3pez-Atalaya-948x1024.png\" alt=\"\" class=\"wp-image-5693\" srcset=\"https:\/\/www.sanjuanysanpablo.com\/lenguayliteratura\/wp-content\/uploads\/sites\/3\/2022\/01\/Paco-L\u00f3pez-y-Adri\u00e1n-L\u00f3pez-Atalaya-948x1024.png 948w, https:\/\/www.sanjuanysanpablo.com\/lenguayliteratura\/wp-content\/uploads\/sites\/3\/2022\/01\/Paco-L\u00f3pez-y-Adri\u00e1n-L\u00f3pez-Atalaya-278x300.png 278w, https:\/\/www.sanjuanysanpablo.com\/lenguayliteratura\/wp-content\/uploads\/sites\/3\/2022\/01\/Paco-L\u00f3pez-y-Adri\u00e1n-L\u00f3pez-Atalaya-768x829.png 768w, https:\/\/www.sanjuanysanpablo.com\/lenguayliteratura\/wp-content\/uploads\/sites\/3\/2022\/01\/Paco-L\u00f3pez-y-Adri\u00e1n-L\u00f3pez-Atalaya.png 1000w\" sizes=\"(max-width: 948px) 100vw, 948px\" \/><figcaption>Paco L\u00f3pez y Pau Guillem<\/figcaption><\/figure>\n\n\n\n<div class=\"wp-block-image\"><figure class=\"aligncenter size-large\"><img loading=\"lazy\" decoding=\"async\" width=\"395\" height=\"563\" src=\"https:\/\/www.sanjuanysanpablo.com\/lenguayliteratura\/wp-content\/uploads\/sites\/3\/2022\/01\/Alba-C\u00f3rcoles-y-Estela-Martos.jpg\" alt=\"\" class=\"wp-image-5694\" srcset=\"https:\/\/www.sanjuanysanpablo.com\/lenguayliteratura\/wp-content\/uploads\/sites\/3\/2022\/01\/Alba-C\u00f3rcoles-y-Estela-Martos.jpg 395w, https:\/\/www.sanjuanysanpablo.com\/lenguayliteratura\/wp-content\/uploads\/sites\/3\/2022\/01\/Alba-C\u00f3rcoles-y-Estela-Martos-210x300.jpg 210w\" sizes=\"(max-width: 395px) 100vw, 395px\" \/><figcaption>Alba C\u00f3rcoles y Estela Martos<\/figcaption><\/figure><\/div>\n\n\n\n<div class=\"wp-block-image\"><figure class=\"aligncenter size-large\"><img loading=\"lazy\" decoding=\"async\" width=\"677\" height=\"455\" src=\"https:\/\/www.sanjuanysanpablo.com\/lenguayliteratura\/wp-content\/uploads\/sites\/3\/2022\/01\/Cristina-Valls-y-Paula-Granero.jpg\" alt=\"\" class=\"wp-image-5696\" srcset=\"https:\/\/www.sanjuanysanpablo.com\/lenguayliteratura\/wp-content\/uploads\/sites\/3\/2022\/01\/Cristina-Valls-y-Paula-Granero.jpg 677w, https:\/\/www.sanjuanysanpablo.com\/lenguayliteratura\/wp-content\/uploads\/sites\/3\/2022\/01\/Cristina-Valls-y-Paula-Granero-300x202.jpg 300w\" sizes=\"(max-width: 677px) 100vw, 677px\" \/><figcaption>Paula Granero y Cristina Valls<\/figcaption><\/figure><\/div>\n\n\n\n<div class=\"wp-block-image\"><figure class=\"aligncenter size-large\"><img loading=\"lazy\" decoding=\"async\" width=\"435\" height=\"616\" src=\"https:\/\/www.sanjuanysanpablo.com\/lenguayliteratura\/wp-content\/uploads\/sites\/3\/2022\/01\/Alberto-Martos-y-Aitana-Jara.png\" alt=\"\" class=\"wp-image-5698\" srcset=\"https:\/\/www.sanjuanysanpablo.com\/lenguayliteratura\/wp-content\/uploads\/sites\/3\/2022\/01\/Alberto-Martos-y-Aitana-Jara.png 435w, https:\/\/www.sanjuanysanpablo.com\/lenguayliteratura\/wp-content\/uploads\/sites\/3\/2022\/01\/Alberto-Martos-y-Aitana-Jara-212x300.png 212w\" sizes=\"(max-width: 435px) 100vw, 435px\" \/><figcaption>Alberto Martos y Aitana Jara<\/figcaption><\/figure><\/div>\n\n\n\n<p><\/p>\n<!-- AddThis Advanced Settings generic via filter on the_content --><!-- AddThis Share Buttons generic via filter on the_content -->","protected":false},"excerpt":{"rendered":"<p>En 3\u00baESO hemos trabajado en profundidad la diferencia entre el sentido denotativo y el connotativo, y, hemos reparado en c\u00f3mo este \u00faltimo puede desempe\u00f1ar a veces un papel humor\u00edstico, otras creativo y otras brindarnos la oportunidad de jugar con \u00e9l de una forma tan ingeniosa como la que reflejan estas tiras c\u00f3micas y estos carteles [&hellip;]<!-- AddThis Advanced Settings generic via filter on get_the_excerpt --><!-- AddThis Share Buttons generic via filter on get_the_excerpt --><\/p>\n","protected":false},"author":7,"featured_media":5696,"comment_status":"open","ping_status":"closed","sticky":false,"template":"","format":"standard","meta":{"footnotes":""},"categories":[338],"tags":[439,412,533,413,351,478],"yoast_head":"<!-- This site is optimized with the Yoast SEO plugin v22.0 - https:\/\/yoast.com\/wordpress\/plugins\/seo\/ -->\n<title>El lenguaje humor\u00edstico y po\u00e9tico de la connotaci\u00f3n - TERTULIA LITERARIA<\/title>\n<meta name=\"robots\" content=\"index, follow, max-snippet:-1, max-image-preview:large, max-video-preview:-1\" \/>\n<link rel=\"canonical\" href=\"https:\/\/www.sanjuanysanpablo.com\/lenguayliteratura\/2022\/01\/30\/el-lenguaje-humoristico-y-poetico-de-la-connotacion\/\" \/>\n<meta property=\"og:locale\" content=\"es_ES\" \/>\n<meta property=\"og:type\" content=\"article\" \/>\n<meta property=\"og:title\" content=\"El lenguaje humor\u00edstico y po\u00e9tico de la connotaci\u00f3n - TERTULIA LITERARIA\" \/>\n<meta property=\"og:description\" content=\"En 3\u00baESO hemos trabajado en profundidad la diferencia entre el sentido denotativo y el connotativo, y, hemos reparado en c\u00f3mo este \u00faltimo puede desempe\u00f1ar a veces un papel humor\u00edstico, otras creativo y otras brindarnos la oportunidad de jugar con \u00e9l de una forma tan ingeniosa como la que reflejan estas tiras c\u00f3micas y estos carteles [&hellip;]\" \/>\n<meta property=\"og:url\" content=\"https:\/\/www.sanjuanysanpablo.com\/lenguayliteratura\/2022\/01\/30\/el-lenguaje-humoristico-y-poetico-de-la-connotacion\/\" \/>\n<meta property=\"og:site_name\" content=\"TERTULIA LITERARIA\" \/>\n<meta property=\"article:published_time\" content=\"2022-01-30T18:27:33+00:00\" \/>\n<meta property=\"og:image\" content=\"https:\/\/www.sanjuanysanpablo.com\/lenguayliteratura\/wp-content\/uploads\/sites\/3\/2022\/01\/Cristina-Valls-y-Paula-Granero.jpg\" \/>\n\t<meta property=\"og:image:width\" content=\"677\" \/>\n\t<meta property=\"og:image:height\" content=\"455\" \/>\n\t<meta property=\"og:image:type\" content=\"image\/jpeg\" \/>\n<meta name=\"author\" content=\"aida\" \/>\n<meta name=\"twitter:card\" content=\"summary_large_image\" \/>\n<meta name=\"twitter:label1\" content=\"Escrito por\" \/>\n\t<meta name=\"twitter:data1\" content=\"aida\" \/>\n\t<meta name=\"twitter:label2\" content=\"Tiempo de lectura\" \/>\n\t<meta name=\"twitter:data2\" content=\"1 minuto\" \/>\n<script type=\"application\/ld+json\" class=\"yoast-schema-graph\">{\"@context\":\"https:\/\/schema.org\",\"@graph\":[{\"@type\":\"WebPage\",\"@id\":\"https:\/\/www.sanjuanysanpablo.com\/lenguayliteratura\/2022\/01\/30\/el-lenguaje-humoristico-y-poetico-de-la-connotacion\/\",\"url\":\"https:\/\/www.sanjuanysanpablo.com\/lenguayliteratura\/2022\/01\/30\/el-lenguaje-humoristico-y-poetico-de-la-connotacion\/\",\"name\":\"El lenguaje humor\u00edstico y po\u00e9tico de la connotaci\u00f3n - TERTULIA LITERARIA\",\"isPartOf\":{\"@id\":\"https:\/\/www.sanjuanysanpablo.com\/lenguayliteratura\/#website\"},\"datePublished\":\"2022-01-30T18:27:33+00:00\",\"dateModified\":\"2022-01-30T18:27:33+00:00\",\"author\":{\"@id\":\"https:\/\/www.sanjuanysanpablo.com\/lenguayliteratura\/#\/schema\/person\/ba4e4f94cccf25181ef2008c0c338ef0\"},\"breadcrumb\":{\"@id\":\"https:\/\/www.sanjuanysanpablo.com\/lenguayliteratura\/2022\/01\/30\/el-lenguaje-humoristico-y-poetico-de-la-connotacion\/#breadcrumb\"},\"inLanguage\":\"es\",\"potentialAction\":[{\"@type\":\"ReadAction\",\"target\":[\"https:\/\/www.sanjuanysanpablo.com\/lenguayliteratura\/2022\/01\/30\/el-lenguaje-humoristico-y-poetico-de-la-connotacion\/\"]}]},{\"@type\":\"BreadcrumbList\",\"@id\":\"https:\/\/www.sanjuanysanpablo.com\/lenguayliteratura\/2022\/01\/30\/el-lenguaje-humoristico-y-poetico-de-la-connotacion\/#breadcrumb\",\"itemListElement\":[{\"@type\":\"ListItem\",\"position\":1,\"name\":\"Portada\",\"item\":\"https:\/\/www.sanjuanysanpablo.com\/lenguayliteratura\/\"},{\"@type\":\"ListItem\",\"position\":2,\"name\":\"El lenguaje humor\u00edstico y po\u00e9tico de la connotaci\u00f3n\"}]},{\"@type\":\"WebSite\",\"@id\":\"https:\/\/www.sanjuanysanpablo.com\/lenguayliteratura\/#website\",\"url\":\"https:\/\/www.sanjuanysanpablo.com\/lenguayliteratura\/\",\"name\":\"TERTULIA LITERARIA\",\"description\":\"El Blog de Lengua y Literatura\",\"potentialAction\":[{\"@type\":\"SearchAction\",\"target\":{\"@type\":\"EntryPoint\",\"urlTemplate\":\"https:\/\/www.sanjuanysanpablo.com\/lenguayliteratura\/?s={search_term_string}\"},\"query-input\":\"required name=search_term_string\"}],\"inLanguage\":\"es\"},{\"@type\":\"Person\",\"@id\":\"https:\/\/www.sanjuanysanpablo.com\/lenguayliteratura\/#\/schema\/person\/ba4e4f94cccf25181ef2008c0c338ef0\",\"name\":\"aida\",\"image\":{\"@type\":\"ImageObject\",\"inLanguage\":\"es\",\"@id\":\"https:\/\/www.sanjuanysanpablo.com\/lenguayliteratura\/#\/schema\/person\/image\/\",\"url\":\"https:\/\/secure.gravatar.com\/avatar\/894640a3adf8e4e79fae80b0eb642b8a?s=96&d=mm&r=g\",\"contentUrl\":\"https:\/\/secure.gravatar.com\/avatar\/894640a3adf8e4e79fae80b0eb642b8a?s=96&d=mm&r=g\",\"caption\":\"aida\"},\"url\":\"https:\/\/www.sanjuanysanpablo.com\/lenguayliteratura\/author\/aida\/\"}]}<\/script>\n<!-- \/ Yoast SEO plugin. -->","yoast_head_json":{"title":"El lenguaje humor\u00edstico y po\u00e9tico de la connotaci\u00f3n - TERTULIA LITERARIA","robots":{"index":"index","follow":"follow","max-snippet":"max-snippet:-1","max-image-preview":"max-image-preview:large","max-video-preview":"max-video-preview:-1"},"canonical":"https:\/\/www.sanjuanysanpablo.com\/lenguayliteratura\/2022\/01\/30\/el-lenguaje-humoristico-y-poetico-de-la-connotacion\/","og_locale":"es_ES","og_type":"article","og_title":"El lenguaje humor\u00edstico y po\u00e9tico de la connotaci\u00f3n - TERTULIA LITERARIA","og_description":"En 3\u00baESO hemos trabajado en profundidad la diferencia entre el sentido denotativo y el connotativo, y, hemos reparado en c\u00f3mo este \u00faltimo puede desempe\u00f1ar a veces un papel humor\u00edstico, otras creativo y otras brindarnos la oportunidad de jugar con \u00e9l de una forma tan ingeniosa como la que reflejan estas tiras c\u00f3micas y estos carteles [&hellip;]","og_url":"https:\/\/www.sanjuanysanpablo.com\/lenguayliteratura\/2022\/01\/30\/el-lenguaje-humoristico-y-poetico-de-la-connotacion\/","og_site_name":"TERTULIA LITERARIA","article_published_time":"2022-01-30T18:27:33+00:00","og_image":[{"width":677,"height":455,"url":"https:\/\/www.sanjuanysanpablo.com\/lenguayliteratura\/wp-content\/uploads\/sites\/3\/2022\/01\/Cristina-Valls-y-Paula-Granero.jpg","type":"image\/jpeg"}],"author":"aida","twitter_card":"summary_large_image","twitter_misc":{"Escrito por":"aida","Tiempo de lectura":"1 minuto"},"schema":{"@context":"https:\/\/schema.org","@graph":[{"@type":"WebPage","@id":"https:\/\/www.sanjuanysanpablo.com\/lenguayliteratura\/2022\/01\/30\/el-lenguaje-humoristico-y-poetico-de-la-connotacion\/","url":"https:\/\/www.sanjuanysanpablo.com\/lenguayliteratura\/2022\/01\/30\/el-lenguaje-humoristico-y-poetico-de-la-connotacion\/","name":"El lenguaje humor\u00edstico y po\u00e9tico de la connotaci\u00f3n - TERTULIA LITERARIA","isPartOf":{"@id":"https:\/\/www.sanjuanysanpablo.com\/lenguayliteratura\/#website"},"datePublished":"2022-01-30T18:27:33+00:00","dateModified":"2022-01-30T18:27:33+00:00","author":{"@id":"https:\/\/www.sanjuanysanpablo.com\/lenguayliteratura\/#\/schema\/person\/ba4e4f94cccf25181ef2008c0c338ef0"},"breadcrumb":{"@id":"https:\/\/www.sanjuanysanpablo.com\/lenguayliteratura\/2022\/01\/30\/el-lenguaje-humoristico-y-poetico-de-la-connotacion\/#breadcrumb"},"inLanguage":"es","potentialAction":[{"@type":"ReadAction","target":["https:\/\/www.sanjuanysanpablo.com\/lenguayliteratura\/2022\/01\/30\/el-lenguaje-humoristico-y-poetico-de-la-connotacion\/"]}]},{"@type":"BreadcrumbList","@id":"https:\/\/www.sanjuanysanpablo.com\/lenguayliteratura\/2022\/01\/30\/el-lenguaje-humoristico-y-poetico-de-la-connotacion\/#breadcrumb","itemListElement":[{"@type":"ListItem","position":1,"name":"Portada","item":"https:\/\/www.sanjuanysanpablo.com\/lenguayliteratura\/"},{"@type":"ListItem","position":2,"name":"El lenguaje humor\u00edstico y po\u00e9tico de la connotaci\u00f3n"}]},{"@type":"WebSite","@id":"https:\/\/www.sanjuanysanpablo.com\/lenguayliteratura\/#website","url":"https:\/\/www.sanjuanysanpablo.com\/lenguayliteratura\/","name":"TERTULIA LITERARIA","description":"El Blog de Lengua y Literatura","potentialAction":[{"@type":"SearchAction","target":{"@type":"EntryPoint","urlTemplate":"https:\/\/www.sanjuanysanpablo.com\/lenguayliteratura\/?s={search_term_string}"},"query-input":"required name=search_term_string"}],"inLanguage":"es"},{"@type":"Person","@id":"https:\/\/www.sanjuanysanpablo.com\/lenguayliteratura\/#\/schema\/person\/ba4e4f94cccf25181ef2008c0c338ef0","name":"aida","image":{"@type":"ImageObject","inLanguage":"es","@id":"https:\/\/www.sanjuanysanpablo.com\/lenguayliteratura\/#\/schema\/person\/image\/","url":"https:\/\/secure.gravatar.com\/avatar\/894640a3adf8e4e79fae80b0eb642b8a?s=96&d=mm&r=g","contentUrl":"https:\/\/secure.gravatar.com\/avatar\/894640a3adf8e4e79fae80b0eb642b8a?s=96&d=mm&r=g","caption":"aida"},"url":"https:\/\/www.sanjuanysanpablo.com\/lenguayliteratura\/author\/aida\/"}]}},"featured_image_src":"https:\/\/www.sanjuanysanpablo.com\/lenguayliteratura\/wp-content\/uploads\/sites\/3\/2022\/01\/Cristina-Valls-y-Paula-Granero.jpg","featured_image_src_square":"https:\/\/www.sanjuanysanpablo.com\/lenguayliteratura\/wp-content\/uploads\/sites\/3\/2022\/01\/Cristina-Valls-y-Paula-Granero.jpg","author_info":{"display_name":"aida","author_link":"https:\/\/www.sanjuanysanpablo.com\/lenguayliteratura\/author\/aida\/"},"_links":{"self":[{"href":"https:\/\/www.sanjuanysanpablo.com\/lenguayliteratura\/wp-json\/wp\/v2\/posts\/5680"}],"collection":[{"href":"https:\/\/www.sanjuanysanpablo.com\/lenguayliteratura\/wp-json\/wp\/v2\/posts"}],"about":[{"href":"https:\/\/www.sanjuanysanpablo.com\/lenguayliteratura\/wp-json\/wp\/v2\/types\/post"}],"author":[{"embeddable":true,"href":"https:\/\/www.sanjuanysanpablo.com\/lenguayliteratura\/wp-json\/wp\/v2\/users\/7"}],"replies":[{"embeddable":true,"href":"https:\/\/www.sanjuanysanpablo.com\/lenguayliteratura\/wp-json\/wp\/v2\/comments?post=5680"}],"version-history":[{"count":7,"href":"https:\/\/www.sanjuanysanpablo.com\/lenguayliteratura\/wp-json\/wp\/v2\/posts\/5680\/revisions"}],"predecessor-version":[{"id":5699,"href":"https:\/\/www.sanjuanysanpablo.com\/lenguayliteratura\/wp-json\/wp\/v2\/posts\/5680\/revisions\/5699"}],"wp:featuredmedia":[{"embeddable":true,"href":"https:\/\/www.sanjuanysanpablo.com\/lenguayliteratura\/wp-json\/wp\/v2\/media\/5696"}],"wp:attachment":[{"href":"https:\/\/www.sanjuanysanpablo.com\/lenguayliteratura\/wp-json\/wp\/v2\/media?parent=5680"}],"wp:term":[{"taxonomy":"category","embeddable":true,"href":"https:\/\/www.sanjuanysanpablo.com\/lenguayliteratura\/wp-json\/wp\/v2\/categories?post=5680"},{"taxonomy":"post_tag","embeddable":true,"href":"https:\/\/www.sanjuanysanpablo.com\/lenguayliteratura\/wp-json\/wp\/v2\/tags?post=5680"}],"curies":[{"name":"wp","href":"https:\/\/api.w.org\/{rel}","templated":true}]}}